{"id":3768,"date":"2025-05-30T20:02:17","date_gmt":"2025-05-30T18:02:17","guid":{"rendered":"https:\/\/lam-automobiles.com\/?p=3768"},"modified":"2025-06-02T18:11:39","modified_gmt":"2025-06-02T16:11:39","slug":"le-saviez-vous","status":"publish","type":"post","link":"https:\/\/lam-automobiles.com\/2025\/05\/30\/le-saviez-vous\/","title":{"rendered":"Nous ne nous limitons pas aux voitures classiques."},"content":{"rendered":"\t\t<div data-elementor-type=\"wp-post\" data-elementor-id=\"3768\" class=\"elementor elementor-3768\" data-elementor-post-type=\"post\">\n\t\t\t\t\t\t<section class=\"elementor-section elementor-top-section elementor-element elementor-element-1060092 elementor-section-boxed elementor-section-height-default elementor-section-height-default wpr-particle-no wpr-jarallax-no wpr-parallax-no wpr-sticky-section-no wpr-equal-height-no\" data-id=\"1060092\" data-element_type=\"section\" data-e-type=\"section\">\n\t\t\t\t\t\t<div class=\"elementor-container elementor-column-gap-default\">\n\t\t\t\t\t<div class=\"elementor-column elementor-col-100 elementor-top-column elementor-element elementor-element-3410df17\" data-id=\"3410df17\" data-element_type=\"column\" data-e-type=\"column\">\n\t\t\t<div class=\"elementor-widget-wrap elementor-element-populated\">\n\t\t\t\t\t\t<div class=\"elementor-element elementor-element-7ca3f8c elementor-widget elementor-widget-heading\" data-id=\"7ca3f8c\" data-element_type=\"widget\" data-e-type=\"widget\" data-widget_type=\"heading.default\">\n\t\t\t\t<div class=\"elementor-widget-container\">\n\t\t\t\t\t<h2 class=\"elementor-heading-title elementor-size-default\"><span>R\u00e9paration de camping-cars et v\u00e9hicules utilitaires sp\u00e9cialis\u00e9s<\/span><\/h2>\t\t\t\t<\/div>\n\t\t\t\t<\/div>\n\t\t\t\t<div class=\"elementor-element elementor-element-278b62c0 elementor-widget elementor-widget-text-editor\" data-id=\"278b62c0\" data-element_type=\"widget\" data-e-type=\"widget\" data-widget_type=\"text-editor.default\">\n\t\t\t\t<div class=\"elementor-widget-container\">\n\t\t\t\t\t\t\t\t\t<h5><span style=\"font-size: inherit;\">Chez LAM Automobiles, nous ne nous limitons pas aux voitures classiques. Nous mettons \u00e9galement notre expertise au service des camping-cars, des v\u00e9hicules utilitaires et des v\u00e9hicules am\u00e9nag\u00e9s pour le transport d\u2019animaux, comme les vans pour chevaux.<\/span><\/h5><h4><span><img decoding=\"async\" draggable=\"false\" role=\"img\" class=\"emoji\" alt=\"\u2705\" src=\"https:\/\/s.w.org\/images\/core\/emoji\/15.1.0\/svg\/2705.svg\" \/> <strong>Un service adapt\u00e9 \u00e0 vos besoins sp\u00e9cifiques<\/strong><\/span><\/h4><p><span>Les v\u00e9hicules utilitaires et de loisirs demandent une attention particuli\u00e8re. Que vous soyez un passionn\u00e9 de voyages en camping-car, un professionnel du transport animalier ou que vous utilisiez un van pour chevaux dans le cadre de votre activit\u00e9 \u00e9questre, vous pouvez compter sur notre savoir-faire pour :<\/span><\/p><ul><li><span>L\u2019entretien et la r\u00e9vision m\u00e9canique compl\u00e8te<\/span><\/li><li><span>Le contr\u00f4le des syst\u00e8mes \u00e9lectriques et \u00e9lectroniques<\/span><\/li><li><span>La r\u00e9paration ou le remplacement des freins, suspensions et pneus<\/span><\/li><li><span>Les travaux de carrosserie, m\u00eame sur grands gabarits<\/span><\/li><\/ul><h4><span><img decoding=\"async\" draggable=\"false\" role=\"img\" class=\"emoji\" alt=\"\ud83e\uddf0\" src=\"https:\/\/s.w.org\/images\/core\/emoji\/15.1.0\/svg\/1f9f0.svg\" \/> <strong>Une \u00e9quipe form\u00e9e et des \u00e9quipements adapt\u00e9s<\/strong><\/span><\/h4><p><span>Notre garage est \u00e9quip\u00e9 pour accueillir des v\u00e9hicules de grande taille, avec des ponts \u00e9l\u00e9vateurs renforc\u00e9s et un espace de travail adapt\u00e9. Nos techniciens sont r\u00e9guli\u00e8rement form\u00e9s aux sp\u00e9cificit\u00e9s des v\u00e9hicules utilitaires et de loisirs.<\/span><\/p><h4><strong><img decoding=\"async\" draggable=\"false\" role=\"img\" class=\"emoji\" alt=\"\ud83d\udccd\" src=\"https:\/\/s.w.org\/images\/core\/emoji\/15.1.0\/svg\/1f4cd.svg\" \/> Rendez-vous chez LAM Automobiles<\/strong><\/h4><p><span>Vous avez un camping-car, un van pour chevaux ou tout autre v\u00e9hicule utilitaire n\u00e9cessitant une r\u00e9paration ou un entretien ? Contactez-nous d\u00e8s aujourd\u2019hui pour un devis ou un rendez-vous.<\/span><\/p><h3><span><img decoding=\"async\" draggable=\"false\" role=\"img\" class=\"emoji\" alt=\"\ud83d\udd27\" src=\"https:\/\/s.w.org\/images\/core\/emoji\/15.1.0\/svg\/1f527.svg\" \/> <strong>LAM Automobiles \u2014 L\u2019expertise au service de tous vos v\u00e9hicules.<\/strong><\/span><\/h3>\t\t\t\t\t\t\t\t<\/div>\n\t\t\t\t<\/div>\n\t\t\t\t<div class=\"elementor-element elementor-element-05b13a1 elementor-widget elementor-widget-image\" data-id=\"05b13a1\" data-element_type=\"widget\" data-e-type=\"widget\" data-widget_type=\"image.default\">\n\t\t\t\t<div class=\"elementor-widget-container\">\n\t\t\t\t\t\t\t\t\t\t\t\t\t\t\t<img fetchpriority=\"high\" decoding=\"async\" width=\"750\" height=\"563\" src=\"https:\/\/lam-automobiles.com\/wp-content\/uploads\/2025\/05\/IMG_4943-1024x768.jpg\" class=\"attachment-large size-large wp-image-3719\" alt=\"\" srcset=\"https:\/\/lam-automobiles.com\/wp-content\/uploads\/2025\/05\/IMG_4943-1024x768.jpg 1024w, https:\/\/lam-automobiles.com\/wp-content\/uploads\/2025\/05\/IMG_4943-300x225.jpg 300w, https:\/\/lam-automobiles.com\/wp-content\/uploads\/2025\/05\/IMG_4943-768x576.jpg 768w, https:\/\/lam-automobiles.com\/wp-content\/uploads\/2025\/05\/IMG_4943-1536x1152.jpg 1536w, https:\/\/lam-automobiles.com\/wp-content\/uploads\/2025\/05\/IMG_4943-2048x1536.jpg 2048w, https:\/\/lam-automobiles.com\/wp-content\/uploads\/2025\/05\/IMG_4943-1320x990.jpg 1320w, https:\/\/lam-automobiles.com\/wp-content\/uploads\/2025\/05\/IMG_4943-230x173.jpg 230w, https:\/\/lam-automobiles.com\/wp-content\/uploads\/2025\/05\/IMG_4943-600x450.jpg 600w\" sizes=\"(max-width: 750px) 100vw, 750px\" \/>\t\t\t\t\t\t\t\t\t\t\t\t\t\t\t<\/div>\n\t\t\t\t<\/div>\n\t\t\t\t\t<\/div>\n\t\t<\/div>\n\t\t\t\t\t<\/div>\n\t\t<\/section>\n\t\t\t\t<\/div>\n\t\t","protected":false},"excerpt":{"rendered":"<p>R\u00e9paration de camping-cars et v\u00e9hicules utilitaires sp\u00e9cialis\u00e9s Chez LAM Automobiles, nous ne nous limitons pas aux voitures classiques. Nous mettons \u00e9galement notre expertise au service des camping-cars, des v\u00e9hicules utilitaires et des v\u00e9hicules am\u00e9nag\u00e9s pour le transport d\u2019animaux, comme les vans pour chevaux. Un service adapt\u00e9 \u00e0 vos besoins sp\u00e9cifiques<\/p>\n","protected":false},"author":38,"featured_media":3723,"comment_status":"closed","ping_status":"open","sticky":false,"template":"","format":"standard","meta":{"footnotes":""},"categories":[82],"tags":[],"class_list":["post-3768","post","type-post","status-publish","format-standard","has-post-thumbnail","hentry","category-activite"],"aioseo_notices":[],"_links":{"self":[{"href":"https:\/\/lam-automobiles.com\/nov-apijson\/wp\/v2\/posts\/3768","targetHints":{"allow":["GET"]}}],"collection":[{"href":"https:\/\/lam-automobiles.com\/nov-apijson\/wp\/v2\/posts"}],"about":[{"href":"https:\/\/lam-automobiles.com\/nov-apijson\/wp\/v2\/types\/post"}],"author":[{"embeddable":true,"href":"https:\/\/lam-automobiles.com\/nov-apijson\/wp\/v2\/users\/38"}],"replies":[{"embeddable":true,"href":"https:\/\/lam-automobiles.com\/nov-apijson\/wp\/v2\/comments?post=3768"}],"version-history":[{"count":12,"href":"https:\/\/lam-automobiles.com\/nov-apijson\/wp\/v2\/posts\/3768\/revisions"}],"predecessor-version":[{"id":3874,"href":"https:\/\/lam-automobiles.com\/nov-apijson\/wp\/v2\/posts\/3768\/revisions\/3874"}],"wp:featuredmedia":[{"embeddable":true,"href":"https:\/\/lam-automobiles.com\/nov-apijson\/wp\/v2\/media\/3723"}],"wp:attachment":[{"href":"https:\/\/lam-automobiles.com\/nov-apijson\/wp\/v2\/media?parent=3768"}],"wp:term":[{"taxonomy":"category","embeddable":true,"href":"https:\/\/lam-automobiles.com\/nov-apijson\/wp\/v2\/categories?post=3768"},{"taxonomy":"post_tag","embeddable":true,"href":"https:\/\/lam-automobiles.com\/nov-apijson\/wp\/v2\/tags?post=3768"}],"curies":[{"name":"wp","href":"https:\/\/api.w.org\/{rel}","templated":true}]}}